{"id":25919,"date":"2024-12-15T22:12:05","date_gmt":"2024-12-15T21:12:05","guid":{"rendered":"https:\/\/sloven.org.rs\/srb\/?p=25919"},"modified":"2024-12-15T22:13:56","modified_gmt":"2024-12-15T21:13:56","slug":"rade-jankovic-kako-je-milos-milojevic-sprecio-adama-bogosavljevica-da-ukine-manastire","status":"publish","type":"post","link":"http:\/\/sloven.org.rs\/srb\/?p=25919","title":{"rendered":"\u0420\u0430\u0434\u0435 \u0408\u0430\u043d\u043a\u043e\u0432\u0438\u045b: \u041a\u0410\u041a\u041e \u0408\u0415 \u041c\u0418\u041b\u041e\u0428 \u041c\u0418\u041b\u041e\u0408\u0415\u0412\u0418\u040b \u0421\u041f\u0420\u0415\u0427\u0418\u041e \u0410\u0414\u0410\u041c\u0410 \u0411\u041e\u0413\u041e\u0421\u0410\u0412\u0409\u0415\u0412\u0418\u040b\u0410 \u0414\u0410 \u0423\u041a\u0418\u041d\u0415 \u041c\u0410\u041d\u0410\u0421\u0422\u0418\u0420\u0415"},"content":{"rendered":"\n<h3 class=\"wp-block-heading\">\u0418\u043d\u0442\u0435\u0440\u0432\u0458\u0443 \u0420\u0430\u0434\u0435\u0442\u0430 \u0408\u0430\u043d\u043a\u043e\u0432\u0438\u045b\u0430 YouTube \u043a\u0430\u043d\u0430\u043b\u0443 <a rel=\"noreferrer noopener\" href=\"https:\/\/www.youtube.com\/@ognjilo\/videos\" target=\"_blank\">\u041e\u0433\u045a\u0438\u043b\u043e<\/a>, \u0443 \u043a\u043e\u043c\u0435 \u0433\u043e\u0432\u043e\u0440\u0438 \u043e \u0437\u0430\u0447\u0435\u0446\u0438\u043c\u0430 \u0442\u0437\u0432. \u041f\u0440\u0432\u0435 \u0438 \u0414\u0440\u0443\u0433\u0435 \u0421\u0440\u0431\u0438\u0458\u0435 \u0443 II \u043f\u043e\u043b\u043e\u0432\u0438\u043d\u0438 XIX \u0432\u0435\u043a\u0430 \u043a\u0440\u043e\u0437 \u0441\u0443\u043f\u0440\u043e\u0442\u0441\u0442\u0430\u0432\u0459\u0430\u045a\u0435 \u0438\u0434\u0435\u043e\u043b\u043e\u0433\u0438\u0458\u0430 \u0438 \u0436\u0438\u0432\u043e\u0442\u043d\u0438\u0445 \u0441\u0443\u0434\u0431\u0438\u043d\u0430 \u043f\u0440\u043e\u0441\u0432\u0435\u0442\u043d\u043e\u0433 \u0440\u0430\u0434\u043d\u0438\u043a\u0430, \u043f\u0440\u0430\u0432\u043d\u0438\u043a\u0430 \u0438 \u0432\u043e\u0458\u043d\u0438\u043a\u0430 \u041c\u0438\u043b\u043e\u0448\u0430 \u0421. \u041c\u0438\u043b\u043e\u0458\u0435\u0432\u0438\u045b\u0430 \u0438 \u043f\u043e\u043b\u0438\u0442\u0438\u0447\u0430\u0440\u0430 \u0410\u0434\u0430\u043c\u0430 \u0411\u043e\u0433\u043e\u0441\u0430\u0432\u0459\u0435\u0432\u0438\u045b\u0430.<\/h3>\n\n\n\n<hr class=\"wp-block-separator has-alpha-channel-opacity\"\/>\n\n\n\n<figure class=\"wp-block-embed is-type-video is-provider-youtube wp-block-embed-youtube wp-embed-aspect-16-9 wp-has-aspect-ratio\"><div class=\"wp-block-embed__wrapper\">\n<iframe loading=\"lazy\" title=\"Kako je Milo\u0161 Milojevi\u0107 spre\u010dio Adama Bogosavljevi\u0107a da ukine manastire (Rade Jankovi\u0107)\" width=\"640\" height=\"360\" src=\"https:\/\/www.youtube.com\/embed\/tltmSMM_ekQ?feature=oembed\" frameborder=\"0\" allow=\"accelerometer; autoplay; clipboard-write; encrypted-media; gyroscope; picture-in-picture; web-share\" referrerpolicy=\"strict-origin-when-cross-origin\" allowfullscreen><\/iframe>\n<\/div><\/figure>\n\n\n\n<p>\u041d\u043e\u0432\u0443 \u043a\u045a\u0438\u0433\u0443 \u0420\u0430\u0434\u0435\u0442\u0430 \u0408\u0430\u043d\u043a\u043e\u0432\u0438\u045b\u0430 <strong><em><a href=\"https:\/\/www.\u0441\u043b\u043e\u0432\u0435\u0441\u043d\u0438\u043a.\u0441\u0440\u0431\/\u0437\u043e\u0440\u0430\u043d-\u0442\u0443\u0446\u0430\u043a\u043e\u0432\u0438\u045b-\u0459\u0438\u0433\u0430\u0432\u043e\u0441\u0442-\u043d\u0430\u043f\u0440\u0435\u0434\u043d\u0438\u0458\u0430\/\">\u041f\u043e\u0445\u0432\u0430\u043b\u0430 \u0459\u0438\u0433\u0430\u0432\u043e\u0441\u0442\u0438<\/a><\/em><\/strong> \u043c\u043e\u0436\u0435\u0442\u0435 \u043f\u043e\u0440\u0443\u0447\u0438\u0442\u0438 \u043e\u0434 \u0438\u0437\u0434\u0430\u0432\u0430\u0447\u0430 <strong>\u0421\u043b\u043e\u0432\u0435\u043d\u0441\u043a\u043e\u0433 \u0434\u0440\u0443\u0448\u0442\u0432\u0430<\/strong>, \u043d\u0430 \u0441\u0442\u0440\u0430\u043d\u0438\u0446\u0438 <strong><a rel=\"noreferrer noopener\" href=\"https:\/\/ognjilo.com\/kategorija\/knjige\/\" target=\"_blank\">\u0438\u043d\u0442\u0435\u0440\u043d\u0435\u0442 \u043f\u0440\u043e\u0434\u0430\u0432\u043d\u0438\u0446\u0435 \u041e\u0433\u045a\u0438\u043b\u0430<\/a><\/strong> \u0438\u043b\u0438 \u043a\u043e\u0434 \u0441\u0430\u043c\u043e\u0433 \u0430\u0443\u0442\u043e\u0440\u0430. \u0426\u0435\u043d\u0430 \u043a\u045a\u0438\u0433\u0435 \u0458\u0435 800 \u0434\u0438\u043d\u0430\u0440\u0430 + \u041f\u0422\u0422 \u0442\u0440\u043e\u0448\u043a\u043e\u0432\u0438.<\/p>\n","protected":false},"excerpt":{"rendered":"<p>\u0418\u043d\u0442\u0435\u0440\u0432\u0458\u0443 \u0420\u0430\u0434\u0435\u0442\u0430 \u0408\u0430\u043d\u043a\u043e\u0432\u0438\u045b\u0430 YouTube \u043a\u0430\u043d\u0430\u043b\u0443 \u041e\u0433\u045a\u0438\u043b\u043e, \u0443 \u043a\u043e\u043c\u0435 \u0433\u043e\u0432\u043e\u0440\u0438 \u043e \u0437\u0430\u0447\u0435\u0446\u0438\u043c\u0430 \u0442\u0437\u0432. \u041f\u0440\u0432\u0435 \u0438 \u0414\u0440\u0443\u0433\u0435 \u0421\u0440\u0431\u0438\u0458\u0435 \u0443 II \u043f\u043e\u043b\u043e\u0432\u0438\u043d\u0438 XIX \u0432\u0435\u043a\u0430 \u043a\u0440\u043e\u0437 \u0441\u0443\u043f\u0440\u043e\u0442\u0441\u0442\u0430\u0432\u0459\u0430\u045a\u0435 \u0438\u0434\u0435\u043e\u043b\u043e\u0433\u0438\u0458\u0430 \u0438 [&hellip;]<\/p>\n","protected":false},"author":2,"featured_media":25920,"comment_status":"open","ping_status":"open","sticky":false,"template":"","format":"standard","meta":{"footnotes":""},"categories":[15,40],"tags":[113,108,96],"class_list":["post-25919","post","type-post","status-publish","format-standard","has-post-thumbnail","hentry","category-glavna","category-istorija","tag-intervju","tag-istorija","tag-rade-jankovic"],"_links":{"self":[{"href":"http:\/\/sloven.org.rs\/srb\/index.php?rest_route=\/wp\/v2\/posts\/25919","targetHints":{"allow":["GET"]}}],"collection":[{"href":"http:\/\/sloven.org.rs\/srb\/index.php?rest_route=\/wp\/v2\/posts"}],"about":[{"href":"http:\/\/sloven.org.rs\/srb\/index.php?rest_route=\/wp\/v2\/types\/post"}],"author":[{"embeddable":true,"href":"http:\/\/sloven.org.rs\/srb\/index.php?rest_route=\/wp\/v2\/users\/2"}],"replies":[{"embeddable":true,"href":"http:\/\/sloven.org.rs\/srb\/index.php?rest_route=%2Fwp%2Fv2%2Fcomments&post=25919"}],"version-history":[{"count":1,"href":"http:\/\/sloven.org.rs\/srb\/index.php?rest_route=\/wp\/v2\/posts\/25919\/revisions"}],"predecessor-version":[{"id":25921,"href":"http:\/\/sloven.org.rs\/srb\/index.php?rest_route=\/wp\/v2\/posts\/25919\/revisions\/25921"}],"wp:featuredmedia":[{"embeddable":true,"href":"http:\/\/sloven.org.rs\/srb\/index.php?rest_route=\/wp\/v2\/media\/25920"}],"wp:attachment":[{"href":"http:\/\/sloven.org.rs\/srb\/index.php?rest_route=%2Fwp%2Fv2%2Fmedia&parent=25919"}],"wp:term":[{"taxonomy":"category","embeddable":true,"href":"http:\/\/sloven.org.rs\/srb\/index.php?rest_route=%2Fwp%2Fv2%2Fcategories&post=25919"},{"taxonomy":"post_tag","embeddable":true,"href":"http:\/\/sloven.org.rs\/srb\/index.php?rest_route=%2Fwp%2Fv2%2Ftags&post=25919"}],"curies":[{"name":"wp","href":"https:\/\/api.w.org\/{rel}","templated":true}]}}